{"id":7430,"date":"2025-06-09T11:13:21","date_gmt":"2025-06-09T11:13:21","guid":{"rendered":"https:\/\/ennovarenovables.com\/ennova-no-auna-partner-days-2025\/"},"modified":"2025-06-09T14:14:06","modified_gmt":"2025-06-09T14:14:06","slug":"ennova-no-auna-partner-days-2025","status":"publish","type":"post","link":"https:\/\/ennovarenovables.com\/pt-pt\/ennova-no-auna-partner-days-2025\/","title":{"rendered":"Ennova no A\u00daNA Partner Days 2025"},"content":{"rendered":"\n<p>Pr\u00f3ximo <strong>dia 12 de junho<\/strong>, <strong><a href=\"https:\/\/ennovarenovables.com\/pt-pt\/\">Ennova Renovables<\/a><\/strong> participar\u00e1 como expositor nos <a href=\"https:\/\/www.linkedin.com\/feed\/update\/urn:li:activity:7337793773218758656\"><strong>A\u00daNA Partner Days 2025<\/strong>,<\/a> um dos eventos mais relevantes do ano para o sector da energia, climatiza\u00e7\u00e3o e instala\u00e7\u00e3o, que ter\u00e1 lugar na <strong>Feria de Valladolid<\/strong>.<\/p>\n\n<p>No nosso <strong>stand 10D04<\/strong>, apresentaremos as nossas mais recentes <strong>solu\u00e7\u00f5es fotovoltaicas<\/strong>, desenvolvidas para aumentar a efici\u00eancia energ\u00e9tica.<\/p>\n\n<p>Organizado pela <a href=\"https:\/\/www.aunadistribucion.com\/inicio\"><strong>A\u00daNA Distribuci\u00f3n<\/strong>,<\/a> este evento consolidou-se como uma feira de refer\u00eancia no <strong>sector<\/strong>, reunindo <strong>fabricantes<\/strong>, <strong>distribuidores<\/strong>, <strong>instaladores<\/strong> e <strong>empresas de servi\u00e7os<\/strong>.<\/p>\n\n<p>Uma jornada profissional de trabalho <strong>em rede<\/strong>, inova\u00e7\u00e3o e forma\u00e7\u00e3o t\u00e9cnica, concebida para fomentar <strong>alian\u00e7as estrat\u00e9gicas<\/strong> que promovam o desenvolvimento de <strong>uma energia mais sustent\u00e1vel<\/strong>.<\/p>\n\n<h4 class=\"wp-block-heading\"><strong>Agenda a tua visita<\/strong> e vamos construir juntos o futuro da energia com solu\u00e7\u00f5es fotovoltaicas inteligentes e sustent\u00e1veis.<\/h4>\n\n<p>\ud83d\udccd<strong><a href=\"https:\/\/feriavalladolid.com\/\">Feira de Valladolid<\/a><\/strong><br\/>\ud83d\uddd3\ufe0f<strong>12 de junho de 2025<\/strong><br\/>\ud83d\udccc<strong>Stand: 10D04<\/strong><\/p>\n\n<p><\/p>\n","protected":false},"excerpt":{"rendered":"<p>Pr\u00f3ximo dia 12 de junho, Ennova Renovables participar\u00e1 como expositor nos A\u00daNA Partner Days 2025, um dos eventos mais relevantes [&hellip;]<\/p>\n","protected":false},"author":2,"featured_media":7426,"comment_status":"closed","ping_status":"closed","sticky":false,"template":"","format":"standard","meta":{"_acf_changed":false,"_uag_custom_page_level_css":"","site-sidebar-layout":"default","site-content-layout":"","ast-site-content-layout":"","site-content-style":"default","site-sidebar-style":"default","ast-global-header-display":"","ast-banner-title-visibility":"","ast-main-header-display":"","ast-hfb-above-header-display":"","ast-hfb-below-header-display":"","ast-hfb-mobile-header-display":"","site-post-title":"","ast-breadcrumbs-content":"","ast-featured-img":"","footer-sml-layout":"","theme-transparent-header-meta":"","adv-header-id-meta":"","stick-header-meta":"","header-above-stick-meta":"","header-main-stick-meta":"","header-below-stick-meta":"","astra-migrate-meta-layouts":"default","ast-page-background-enabled":"default","ast-page-background-meta":{"desktop":{"background-color":"var(--ast-global-color-4)","background-image":"","background-repeat":"repeat","background-position":"center center","background-size":"auto","background-attachment":"scroll","background-type":"","background-media":"","overlay-type":"","overlay-color":"","overlay-opacity":"","overlay-gradient":""},"tablet":{"background-color":"","background-image":"","background-repeat":"repeat","background-position":"center center","background-size":"auto","background-attachment":"scroll","background-type":"","background-media":"","overlay-type":"","overlay-color":"","overlay-opacity":"","overlay-gradient":""},"mobile":{"background-color":"","background-image":"","background-repeat":"repeat","background-position":"center center","background-size":"auto","background-attachment":"scroll","background-type":"","background-media":"","overlay-type":"","overlay-color":"","overlay-opacity":"","overlay-gradient":""}},"ast-content-background-meta":{"desktop":{"background-color":"var(--ast-global-color-5)","background-image":"","background-repeat":"repeat","background-position":"center center","background-size":"auto","background-attachment":"scroll","background-type":"","background-media":"","overlay-type":"","overlay-color":"","overlay-opacity":"","overlay-gradient":""},"tablet":{"background-color":"var(--ast-global-color-5)","background-image":"","background-repeat":"repeat","background-position":"center center","background-size":"auto","background-attachment":"scroll","background-type":"","background-media":"","overlay-type":"","overlay-color":"","overlay-opacity":"","overlay-gradient":""},"mobile":{"background-color":"var(--ast-global-color-5)","background-image":"","background-repeat":"repeat","background-position":"center center","background-size":"auto","background-attachment":"scroll","background-type":"","background-media":"","overlay-type":"","overlay-color":"","overlay-opacity":"","overlay-gradient":""}},"footnotes":""},"categories":[850],"tags":[1175,1176,1177,1178],"class_list":["post-7430","post","type-post","status-publish","format-standard","has-post-thumbnail","hentry","category-noticias-da-ennova","tag-ennovarenovaveis","tag-aunapartnerdays-pt-pt","tag-fotovoltaicos-pt-pt","tag-solucoes-fotovoltaicas"],"nelio_popups_active_popup":"","acf":[],"yoast_head":"<!-- This site is optimized with the Yoast SEO plugin v27.4 - https:\/\/yoast.com\/product\/yoast-seo-wordpress\/ -->\n<title>Ennova no A\u00daNA Partner Days 2025 - Ennova Renovables<\/title>\n<meta name=\"description\" content=\"Descobre como a Ennova Renovables apresentar\u00e1 as suas solu\u00e7\u00f5es fotovoltaicas inovadoras nos A\u00daNA Partner Days 2025, Feria de Valladolid. Visita o nosso stand 10D04 e conhece as \u00faltimas novidades em energia sustent\u00e1vel para projectos industriais, comerciais e p\u00fablicos.\" \/>\n<meta name=\"robots\" content=\"index, follow, max-snippet:-1, max-image-preview:large, max-video-preview:-1\" \/>\n<link rel=\"canonical\" href=\"https:\/\/ennovarenovables.com\/pt-pt\/ennova-no-auna-partner-days-2025\/\" \/>\n<meta property=\"og:locale\" content=\"pt_PT\" \/>\n<meta property=\"og:type\" content=\"article\" \/>\n<meta property=\"og:title\" content=\"Ennova no A\u00daNA Partner Days 2025 - Ennova Renovables\" \/>\n<meta property=\"og:description\" content=\"Descobre como a Ennova Renovables apresentar\u00e1 as suas solu\u00e7\u00f5es fotovoltaicas inovadoras nos A\u00daNA Partner Days 2025, Feria de Valladolid. Visita o nosso stand 10D04 e conhece as \u00faltimas novidades em energia sustent\u00e1vel para projectos industriais, comerciais e p\u00fablicos.\" \/>\n<meta property=\"og:url\" content=\"https:\/\/ennovarenovables.com\/pt-pt\/ennova-no-auna-partner-days-2025\/\" \/>\n<meta property=\"og:site_name\" content=\"Ennova Renovables\" \/>\n<meta property=\"article:published_time\" content=\"2025-06-09T11:13:21+00:00\" \/>\n<meta property=\"article:modified_time\" content=\"2025-06-09T14:14:06+00:00\" \/>\n<meta property=\"og:image\" content=\"http:\/\/ennovarenovables.com\/wp-content\/uploads\/2025\/06\/NOTICIA-BLOG-PARTNERS-DAY-scaled.jpg\" \/>\n\t<meta property=\"og:image:width\" content=\"2560\" \/>\n\t<meta property=\"og:image:height\" content=\"1509\" \/>\n\t<meta property=\"og:image:type\" content=\"image\/jpeg\" \/>\n<meta name=\"author\" content=\"bsp\" \/>\n<meta name=\"twitter:card\" content=\"summary_large_image\" \/>\n<meta name=\"twitter:label1\" content=\"Escrito por\" \/>\n\t<meta name=\"twitter:data1\" content=\"bsp\" \/>\n\t<meta name=\"twitter:label2\" content=\"Tempo estimado de leitura\" \/>\n\t<meta name=\"twitter:data2\" content=\"1 minuto\" \/>\n<script type=\"application\/ld+json\" class=\"yoast-schema-graph\">{\"@context\":\"https:\\\/\\\/schema.org\",\"@graph\":[{\"@type\":\"Article\",\"@id\":\"https:\\\/\\\/ennovarenovables.com\\\/pt-pt\\\/ennova-no-auna-partner-days-2025\\\/#article\",\"isPartOf\":{\"@id\":\"https:\\\/\\\/ennovarenovables.com\\\/pt-pt\\\/ennova-no-auna-partner-days-2025\\\/\"},\"author\":{\"name\":\"bsp\",\"@id\":\"https:\\\/\\\/ennovarenovables.com\\\/pt-pt\\\/#\\\/schema\\\/person\\\/3d9e173b8129dff988c667003556e775\"},\"headline\":\"Ennova no A\u00daNA Partner Days 2025\",\"datePublished\":\"2025-06-09T11:13:21+00:00\",\"dateModified\":\"2025-06-09T14:14:06+00:00\",\"mainEntityOfPage\":{\"@id\":\"https:\\\/\\\/ennovarenovables.com\\\/pt-pt\\\/ennova-no-auna-partner-days-2025\\\/\"},\"wordCount\":150,\"publisher\":{\"@id\":\"https:\\\/\\\/ennovarenovables.com\\\/pt-pt\\\/#organization\"},\"image\":{\"@id\":\"https:\\\/\\\/ennovarenovables.com\\\/pt-pt\\\/ennova-no-auna-partner-days-2025\\\/#primaryimage\"},\"thumbnailUrl\":\"https:\\\/\\\/ennovarenovables.com\\\/wp-content\\\/uploads\\\/2025\\\/06\\\/NOTICIA-BLOG-PARTNERS-DAY-scaled.jpg\",\"keywords\":[\"EnnovaRenov\u00e1veis\",\"AUNAPartnerDays\",\"Fotovoltaicos\",\"Solu\u00e7\u00f5es fotovoltaicas\"],\"articleSection\":[\"Not\u00edcias da Ennova\"],\"inLanguage\":\"pt-PT\"},{\"@type\":\"WebPage\",\"@id\":\"https:\\\/\\\/ennovarenovables.com\\\/pt-pt\\\/ennova-no-auna-partner-days-2025\\\/\",\"url\":\"https:\\\/\\\/ennovarenovables.com\\\/pt-pt\\\/ennova-no-auna-partner-days-2025\\\/\",\"name\":\"Ennova no A\u00daNA Partner Days 2025 - Ennova Renovables\",\"isPartOf\":{\"@id\":\"https:\\\/\\\/ennovarenovables.com\\\/pt-pt\\\/#website\"},\"primaryImageOfPage\":{\"@id\":\"https:\\\/\\\/ennovarenovables.com\\\/pt-pt\\\/ennova-no-auna-partner-days-2025\\\/#primaryimage\"},\"image\":{\"@id\":\"https:\\\/\\\/ennovarenovables.com\\\/pt-pt\\\/ennova-no-auna-partner-days-2025\\\/#primaryimage\"},\"thumbnailUrl\":\"https:\\\/\\\/ennovarenovables.com\\\/wp-content\\\/uploads\\\/2025\\\/06\\\/NOTICIA-BLOG-PARTNERS-DAY-scaled.jpg\",\"datePublished\":\"2025-06-09T11:13:21+00:00\",\"dateModified\":\"2025-06-09T14:14:06+00:00\",\"description\":\"Descobre como a Ennova Renovables apresentar\u00e1 as suas solu\u00e7\u00f5es fotovoltaicas inovadoras nos A\u00daNA Partner Days 2025, Feria de Valladolid. Visita o nosso stand 10D04 e conhece as \u00faltimas novidades em energia sustent\u00e1vel para projectos industriais, comerciais e p\u00fablicos.\",\"breadcrumb\":{\"@id\":\"https:\\\/\\\/ennovarenovables.com\\\/pt-pt\\\/ennova-no-auna-partner-days-2025\\\/#breadcrumb\"},\"inLanguage\":\"pt-PT\",\"potentialAction\":[{\"@type\":\"ReadAction\",\"target\":[\"https:\\\/\\\/ennovarenovables.com\\\/pt-pt\\\/ennova-no-auna-partner-days-2025\\\/\"]}]},{\"@type\":\"ImageObject\",\"inLanguage\":\"pt-PT\",\"@id\":\"https:\\\/\\\/ennovarenovables.com\\\/pt-pt\\\/ennova-no-auna-partner-days-2025\\\/#primaryimage\",\"url\":\"https:\\\/\\\/ennovarenovables.com\\\/wp-content\\\/uploads\\\/2025\\\/06\\\/NOTICIA-BLOG-PARTNERS-DAY-scaled.jpg\",\"contentUrl\":\"https:\\\/\\\/ennovarenovables.com\\\/wp-content\\\/uploads\\\/2025\\\/06\\\/NOTICIA-BLOG-PARTNERS-DAY-scaled.jpg\",\"width\":2560,\"height\":1509},{\"@type\":\"BreadcrumbList\",\"@id\":\"https:\\\/\\\/ennovarenovables.com\\\/pt-pt\\\/ennova-no-auna-partner-days-2025\\\/#breadcrumb\",\"itemListElement\":[{\"@type\":\"ListItem\",\"position\":1,\"name\":\"Portada\",\"item\":\"https:\\\/\\\/ennovarenovables.com\\\/pt-pt\\\/\"},{\"@type\":\"ListItem\",\"position\":2,\"name\":\"Ennova no A\u00daNA Partner Days 2025\"}]},{\"@type\":\"WebSite\",\"@id\":\"https:\\\/\\\/ennovarenovables.com\\\/pt-pt\\\/#website\",\"url\":\"https:\\\/\\\/ennovarenovables.com\\\/pt-pt\\\/\",\"name\":\"Ennova Renovables\",\"description\":\"Fabricantes de estructuras met\u00e1licas y soportes de hormig\u00f3n para estructuras fotovoltaicas\",\"publisher\":{\"@id\":\"https:\\\/\\\/ennovarenovables.com\\\/pt-pt\\\/#organization\"},\"potentialAction\":[{\"@type\":\"SearchAction\",\"target\":{\"@type\":\"EntryPoint\",\"urlTemplate\":\"https:\\\/\\\/ennovarenovables.com\\\/pt-pt\\\/?s={search_term_string}\"},\"query-input\":{\"@type\":\"PropertyValueSpecification\",\"valueRequired\":true,\"valueName\":\"search_term_string\"}}],\"inLanguage\":\"pt-PT\"},{\"@type\":\"Organization\",\"@id\":\"https:\\\/\\\/ennovarenovables.com\\\/pt-pt\\\/#organization\",\"name\":\"Ennova Renovables\",\"url\":\"https:\\\/\\\/ennovarenovables.com\\\/pt-pt\\\/\",\"logo\":{\"@type\":\"ImageObject\",\"inLanguage\":\"pt-PT\",\"@id\":\"https:\\\/\\\/ennovarenovables.com\\\/pt-pt\\\/#\\\/schema\\\/logo\\\/image\\\/\",\"url\":\"https:\\\/\\\/ennovarenovables.com\\\/wp-content\\\/uploads\\\/2024\\\/11\\\/logo-ennova-renovables.svg\",\"contentUrl\":\"https:\\\/\\\/ennovarenovables.com\\\/wp-content\\\/uploads\\\/2024\\\/11\\\/logo-ennova-renovables.svg\",\"width\":202,\"height\":29,\"caption\":\"Ennova Renovables\"},\"image\":{\"@id\":\"https:\\\/\\\/ennovarenovables.com\\\/pt-pt\\\/#\\\/schema\\\/logo\\\/image\\\/\"}},{\"@type\":\"Person\",\"@id\":\"https:\\\/\\\/ennovarenovables.com\\\/pt-pt\\\/#\\\/schema\\\/person\\\/3d9e173b8129dff988c667003556e775\",\"name\":\"bsp\",\"image\":{\"@type\":\"ImageObject\",\"inLanguage\":\"pt-PT\",\"@id\":\"https:\\\/\\\/secure.gravatar.com\\\/avatar\\\/c32e161a6a1d38105c4f610413aed9e04cfbc3031c804755cacec56863f1852e?s=96&d=mm&r=g\",\"url\":\"https:\\\/\\\/secure.gravatar.com\\\/avatar\\\/c32e161a6a1d38105c4f610413aed9e04cfbc3031c804755cacec56863f1852e?s=96&d=mm&r=g\",\"contentUrl\":\"https:\\\/\\\/secure.gravatar.com\\\/avatar\\\/c32e161a6a1d38105c4f610413aed9e04cfbc3031c804755cacec56863f1852e?s=96&d=mm&r=g\",\"caption\":\"bsp\"}}]}<\/script>\n<!-- \/ Yoast SEO plugin. -->","yoast_head_json":{"title":"Ennova no A\u00daNA Partner Days 2025 - Ennova Renovables","description":"Descobre como a Ennova Renovables apresentar\u00e1 as suas solu\u00e7\u00f5es fotovoltaicas inovadoras nos A\u00daNA Partner Days 2025, Feria de Valladolid. Visita o nosso stand 10D04 e conhece as \u00faltimas novidades em energia sustent\u00e1vel para projectos industriais, comerciais e p\u00fablicos.","robots":{"index":"index","follow":"follow","max-snippet":"max-snippet:-1","max-image-preview":"max-image-preview:large","max-video-preview":"max-video-preview:-1"},"canonical":"https:\/\/ennovarenovables.com\/pt-pt\/ennova-no-auna-partner-days-2025\/","og_locale":"pt_PT","og_type":"article","og_title":"Ennova no A\u00daNA Partner Days 2025 - Ennova Renovables","og_description":"Descobre como a Ennova Renovables apresentar\u00e1 as suas solu\u00e7\u00f5es fotovoltaicas inovadoras nos A\u00daNA Partner Days 2025, Feria de Valladolid. Visita o nosso stand 10D04 e conhece as \u00faltimas novidades em energia sustent\u00e1vel para projectos industriais, comerciais e p\u00fablicos.","og_url":"https:\/\/ennovarenovables.com\/pt-pt\/ennova-no-auna-partner-days-2025\/","og_site_name":"Ennova Renovables","article_published_time":"2025-06-09T11:13:21+00:00","article_modified_time":"2025-06-09T14:14:06+00:00","og_image":[{"width":2560,"height":1509,"url":"http:\/\/ennovarenovables.com\/wp-content\/uploads\/2025\/06\/NOTICIA-BLOG-PARTNERS-DAY-scaled.jpg","type":"image\/jpeg"}],"author":"bsp","twitter_card":"summary_large_image","twitter_misc":{"Escrito por":"bsp","Tempo estimado de leitura":"1 minuto"},"schema":{"@context":"https:\/\/schema.org","@graph":[{"@type":"Article","@id":"https:\/\/ennovarenovables.com\/pt-pt\/ennova-no-auna-partner-days-2025\/#article","isPartOf":{"@id":"https:\/\/ennovarenovables.com\/pt-pt\/ennova-no-auna-partner-days-2025\/"},"author":{"name":"bsp","@id":"https:\/\/ennovarenovables.com\/pt-pt\/#\/schema\/person\/3d9e173b8129dff988c667003556e775"},"headline":"Ennova no A\u00daNA Partner Days 2025","datePublished":"2025-06-09T11:13:21+00:00","dateModified":"2025-06-09T14:14:06+00:00","mainEntityOfPage":{"@id":"https:\/\/ennovarenovables.com\/pt-pt\/ennova-no-auna-partner-days-2025\/"},"wordCount":150,"publisher":{"@id":"https:\/\/ennovarenovables.com\/pt-pt\/#organization"},"image":{"@id":"https:\/\/ennovarenovables.com\/pt-pt\/ennova-no-auna-partner-days-2025\/#primaryimage"},"thumbnailUrl":"https:\/\/ennovarenovables.com\/wp-content\/uploads\/2025\/06\/NOTICIA-BLOG-PARTNERS-DAY-scaled.jpg","keywords":["EnnovaRenov\u00e1veis","AUNAPartnerDays","Fotovoltaicos","Solu\u00e7\u00f5es fotovoltaicas"],"articleSection":["Not\u00edcias da Ennova"],"inLanguage":"pt-PT"},{"@type":"WebPage","@id":"https:\/\/ennovarenovables.com\/pt-pt\/ennova-no-auna-partner-days-2025\/","url":"https:\/\/ennovarenovables.com\/pt-pt\/ennova-no-auna-partner-days-2025\/","name":"Ennova no A\u00daNA Partner Days 2025 - Ennova Renovables","isPartOf":{"@id":"https:\/\/ennovarenovables.com\/pt-pt\/#website"},"primaryImageOfPage":{"@id":"https:\/\/ennovarenovables.com\/pt-pt\/ennova-no-auna-partner-days-2025\/#primaryimage"},"image":{"@id":"https:\/\/ennovarenovables.com\/pt-pt\/ennova-no-auna-partner-days-2025\/#primaryimage"},"thumbnailUrl":"https:\/\/ennovarenovables.com\/wp-content\/uploads\/2025\/06\/NOTICIA-BLOG-PARTNERS-DAY-scaled.jpg","datePublished":"2025-06-09T11:13:21+00:00","dateModified":"2025-06-09T14:14:06+00:00","description":"Descobre como a Ennova Renovables apresentar\u00e1 as suas solu\u00e7\u00f5es fotovoltaicas inovadoras nos A\u00daNA Partner Days 2025, Feria de Valladolid. Visita o nosso stand 10D04 e conhece as \u00faltimas novidades em energia sustent\u00e1vel para projectos industriais, comerciais e p\u00fablicos.","breadcrumb":{"@id":"https:\/\/ennovarenovables.com\/pt-pt\/ennova-no-auna-partner-days-2025\/#breadcrumb"},"inLanguage":"pt-PT","potentialAction":[{"@type":"ReadAction","target":["https:\/\/ennovarenovables.com\/pt-pt\/ennova-no-auna-partner-days-2025\/"]}]},{"@type":"ImageObject","inLanguage":"pt-PT","@id":"https:\/\/ennovarenovables.com\/pt-pt\/ennova-no-auna-partner-days-2025\/#primaryimage","url":"https:\/\/ennovarenovables.com\/wp-content\/uploads\/2025\/06\/NOTICIA-BLOG-PARTNERS-DAY-scaled.jpg","contentUrl":"https:\/\/ennovarenovables.com\/wp-content\/uploads\/2025\/06\/NOTICIA-BLOG-PARTNERS-DAY-scaled.jpg","width":2560,"height":1509},{"@type":"BreadcrumbList","@id":"https:\/\/ennovarenovables.com\/pt-pt\/ennova-no-auna-partner-days-2025\/#breadcrumb","itemListElement":[{"@type":"ListItem","position":1,"name":"Portada","item":"https:\/\/ennovarenovables.com\/pt-pt\/"},{"@type":"ListItem","position":2,"name":"Ennova no A\u00daNA Partner Days 2025"}]},{"@type":"WebSite","@id":"https:\/\/ennovarenovables.com\/pt-pt\/#website","url":"https:\/\/ennovarenovables.com\/pt-pt\/","name":"Ennova Renovables","description":"Fabricantes de estructuras met\u00e1licas y soportes de hormig\u00f3n para estructuras fotovoltaicas","publisher":{"@id":"https:\/\/ennovarenovables.com\/pt-pt\/#organization"},"potentialAction":[{"@type":"SearchAction","target":{"@type":"EntryPoint","urlTemplate":"https:\/\/ennovarenovables.com\/pt-pt\/?s={search_term_string}"},"query-input":{"@type":"PropertyValueSpecification","valueRequired":true,"valueName":"search_term_string"}}],"inLanguage":"pt-PT"},{"@type":"Organization","@id":"https:\/\/ennovarenovables.com\/pt-pt\/#organization","name":"Ennova Renovables","url":"https:\/\/ennovarenovables.com\/pt-pt\/","logo":{"@type":"ImageObject","inLanguage":"pt-PT","@id":"https:\/\/ennovarenovables.com\/pt-pt\/#\/schema\/logo\/image\/","url":"https:\/\/ennovarenovables.com\/wp-content\/uploads\/2024\/11\/logo-ennova-renovables.svg","contentUrl":"https:\/\/ennovarenovables.com\/wp-content\/uploads\/2024\/11\/logo-ennova-renovables.svg","width":202,"height":29,"caption":"Ennova Renovables"},"image":{"@id":"https:\/\/ennovarenovables.com\/pt-pt\/#\/schema\/logo\/image\/"}},{"@type":"Person","@id":"https:\/\/ennovarenovables.com\/pt-pt\/#\/schema\/person\/3d9e173b8129dff988c667003556e775","name":"bsp","image":{"@type":"ImageObject","inLanguage":"pt-PT","@id":"https:\/\/secure.gravatar.com\/avatar\/c32e161a6a1d38105c4f610413aed9e04cfbc3031c804755cacec56863f1852e?s=96&d=mm&r=g","url":"https:\/\/secure.gravatar.com\/avatar\/c32e161a6a1d38105c4f610413aed9e04cfbc3031c804755cacec56863f1852e?s=96&d=mm&r=g","contentUrl":"https:\/\/secure.gravatar.com\/avatar\/c32e161a6a1d38105c4f610413aed9e04cfbc3031c804755cacec56863f1852e?s=96&d=mm&r=g","caption":"bsp"}}]}},"uagb_featured_image_src":{"full":["https:\/\/ennovarenovables.com\/wp-content\/uploads\/2025\/06\/NOTICIA-BLOG-PARTNERS-DAY-scaled.jpg",2560,1509,false],"thumbnail":["https:\/\/ennovarenovables.com\/wp-content\/uploads\/2025\/06\/NOTICIA-BLOG-PARTNERS-DAY-150x150.jpg",150,150,true],"medium":["https:\/\/ennovarenovables.com\/wp-content\/uploads\/2025\/06\/NOTICIA-BLOG-PARTNERS-DAY-800x471.jpg",800,471,true],"medium_large":["https:\/\/ennovarenovables.com\/wp-content\/uploads\/2025\/06\/NOTICIA-BLOG-PARTNERS-DAY-768x453.jpg",768,453,true],"large":["https:\/\/ennovarenovables.com\/wp-content\/uploads\/2025\/06\/NOTICIA-BLOG-PARTNERS-DAY-1024x603.jpg",1024,603,true],"1536x1536":["https:\/\/ennovarenovables.com\/wp-content\/uploads\/2025\/06\/NOTICIA-BLOG-PARTNERS-DAY-1536x905.jpg",1536,905,true],"2048x2048":["https:\/\/ennovarenovables.com\/wp-content\/uploads\/2025\/06\/NOTICIA-BLOG-PARTNERS-DAY-2048x1207.jpg",2048,1207,true]},"uagb_author_info":{"display_name":"bsp","author_link":"https:\/\/ennovarenovables.com\/pt-pt\/author\/bsp\/"},"uagb_comment_info":0,"uagb_excerpt":"Pr\u00f3ximo dia 12 de junho, Ennova Renovables participar\u00e1 como expositor nos A\u00daNA Partner Days 2025, um dos eventos mais relevantes [&hellip;]","_links":{"self":[{"href":"https:\/\/ennovarenovables.com\/pt-pt\/wp-json\/wp\/v2\/posts\/7430","targetHints":{"allow":["GET"]}}],"collection":[{"href":"https:\/\/ennovarenovables.com\/pt-pt\/wp-json\/wp\/v2\/posts"}],"about":[{"href":"https:\/\/ennovarenovables.com\/pt-pt\/wp-json\/wp\/v2\/types\/post"}],"author":[{"embeddable":true,"href":"https:\/\/ennovarenovables.com\/pt-pt\/wp-json\/wp\/v2\/users\/2"}],"replies":[{"embeddable":true,"href":"https:\/\/ennovarenovables.com\/pt-pt\/wp-json\/wp\/v2\/comments?post=7430"}],"version-history":[{"count":1,"href":"https:\/\/ennovarenovables.com\/pt-pt\/wp-json\/wp\/v2\/posts\/7430\/revisions"}],"predecessor-version":[{"id":7431,"href":"https:\/\/ennovarenovables.com\/pt-pt\/wp-json\/wp\/v2\/posts\/7430\/revisions\/7431"}],"wp:featuredmedia":[{"embeddable":true,"href":"https:\/\/ennovarenovables.com\/pt-pt\/wp-json\/wp\/v2\/media\/7426"}],"wp:attachment":[{"href":"https:\/\/ennovarenovables.com\/pt-pt\/wp-json\/wp\/v2\/media?parent=7430"}],"wp:term":[{"taxonomy":"category","embeddable":true,"href":"https:\/\/ennovarenovables.com\/pt-pt\/wp-json\/wp\/v2\/categories?post=7430"},{"taxonomy":"post_tag","embeddable":true,"href":"https:\/\/ennovarenovables.com\/pt-pt\/wp-json\/wp\/v2\/tags?post=7430"}],"curies":[{"name":"wp","href":"https:\/\/api.w.org\/{rel}","templated":true}]}}