{"id":5781,"date":"2025-03-02T11:42:34","date_gmt":"2025-03-02T11:42:34","guid":{"rendered":"https:\/\/ennovarenovables.com\/entrevista-com-a-ennova-na-revista-futurenergy-interempresas\/"},"modified":"2025-03-02T11:59:01","modified_gmt":"2025-03-02T11:59:01","slug":"entrevista-com-a-ennova-na-revista-futurenergy-interempresas","status":"publish","type":"post","link":"https:\/\/ennovarenovables.com\/pt-pt\/entrevista-com-a-ennova-na-revista-futurenergy-interempresas\/","title":{"rendered":"Entrevista com a Ennova na revista FuturEnergy &#8211; Interempresas"},"content":{"rendered":"\n<p>A Ennova Renovables foi destacada na <strong>FuturEnergy &#8211; Interempresas<\/strong>, uma das principais publica\u00e7\u00f5es do sector energ\u00e9tico. Nesta entrevista, partilhamos a nossa vis\u00e3o do futuro da energia solar e o papel fundamental desempenhado pelas nossas solu\u00e7\u00f5es estruturais no desenvolvimento de instala\u00e7\u00f5es fotovoltaicas eficientes e sustent\u00e1veis. <\/p>\n\n<p>\ud83d\udc49 <strong>Convidamos-te a ler a entrevista completa aqui:<\/strong> <a href=\"https:\/\/www.interempresas.net\/Energia\/Articulos\/577927-Ennova-Renovables-soluciones-globales-cualquier-estructura-instalacion-fotovoltaica.html\">Acede ao artigo<\/a><\/p>\n\n<h2 class=\"wp-block-heading\"><strong>Solu\u00e7\u00f5es globais para um sector em crescimento<\/strong><\/h2>\n\n<p>Durante a entrevista, fal\u00e1mos sobre a forma como a Ennova desenvolveu uma carteira de produtos que cobre todas as necessidades do sector fotovoltaico:<\/p>\n\n<p>\u2705 <strong>Telhados<\/strong>: Solu\u00e7\u00f5es para a instala\u00e7\u00e3o segura e eficiente de pain\u00e9is solares em telhados industriais e comerciais.<br\/>\u2705 <strong>Estruturas de solo<\/strong>: Concebidas para garantir a estabilidade e o melhor desempenho em qualquer tipo de terreno.<br\/>\u2705 <strong>Coberturas solares<\/strong>: Integra\u00e7\u00e3o de energias renov\u00e1veis em parques de estacionamento e espa\u00e7os p\u00fablicos, combinando funcionalidade e efici\u00eancia energ\u00e9tica.<\/p>\n\n<p>Falamos tamb\u00e9m do nosso compromisso com a <strong>inova\u00e7\u00e3o, a sustentabilidade e a excel\u00eancia<\/strong>, princ\u00edpios que nos tornaram uma refer\u00eancia no fabrico de estruturas para energia solar.<\/p>\n\n<h2 class=\"wp-block-heading\"><strong>Um compromisso para com a transi\u00e7\u00e3o energ\u00e9tica<\/strong><\/h2>\n\n<p>Na Ennova, acreditamos que a energia solar \u00e9 a chave para um futuro mais sustent\u00e1vel. Por este motivo, continuamos a desenvolver <strong>solu\u00e7\u00f5es eficientes e adaptadas \u00e0s novas exig\u00eancias do mercado<\/strong>, colaborando com empresas e profissionais do sector para promover a transi\u00e7\u00e3o para um modelo energ\u00e9tico mais limpo. <\/p>\n","protected":false},"excerpt":{"rendered":"<p>A Ennova Renovables foi destacada na FuturEnergy &#8211; Interempresas, uma das principais publica\u00e7\u00f5es do sector energ\u00e9tico. Nesta entrevista, partilhamos a [&hellip;]<\/p>\n","protected":false},"author":2,"featured_media":5762,"comment_status":"closed","ping_status":"closed","sticky":false,"template":"","format":"standard","meta":{"_acf_changed":false,"_uag_custom_page_level_css":"","site-sidebar-layout":"default","site-content-layout":"","ast-site-content-layout":"","site-content-style":"default","site-sidebar-style":"default","ast-global-header-display":"","ast-banner-title-visibility":"","ast-main-header-display":"","ast-hfb-above-header-display":"","ast-hfb-below-header-display":"","ast-hfb-mobile-header-display":"","site-post-title":"","ast-breadcrumbs-content":"","ast-featured-img":"","footer-sml-layout":"","theme-transparent-header-meta":"","adv-header-id-meta":"","stick-header-meta":"","header-above-stick-meta":"","header-main-stick-meta":"","header-below-stick-meta":"","astra-migrate-meta-layouts":"default","ast-page-background-enabled":"default","ast-page-background-meta":{"desktop":{"background-color":"var(--ast-global-color-4)","background-image":"","background-repeat":"repeat","background-position":"center center","background-size":"auto","background-attachment":"scroll","background-type":"","background-media":"","overlay-type":"","overlay-color":"","overlay-opacity":"","overlay-gradient":""},"tablet":{"background-color":"","background-image":"","background-repeat":"repeat","background-position":"center center","background-size":"auto","background-attachment":"scroll","background-type":"","background-media":"","overlay-type":"","overlay-color":"","overlay-opacity":"","overlay-gradient":""},"mobile":{"background-color":"","background-image":"","background-repeat":"repeat","background-position":"center center","background-size":"auto","background-attachment":"scroll","background-type":"","background-media":"","overlay-type":"","overlay-color":"","overlay-opacity":"","overlay-gradient":""}},"ast-content-background-meta":{"desktop":{"background-color":"var(--ast-global-color-5)","background-image":"","background-repeat":"repeat","background-position":"center center","background-size":"auto","background-attachment":"scroll","background-type":"","background-media":"","overlay-type":"","overlay-color":"","overlay-opacity":"","overlay-gradient":""},"tablet":{"background-color":"var(--ast-global-color-5)","background-image":"","background-repeat":"repeat","background-position":"center center","background-size":"auto","background-attachment":"scroll","background-type":"","background-media":"","overlay-type":"","overlay-color":"","overlay-opacity":"","overlay-gradient":""},"mobile":{"background-color":"var(--ast-global-color-5)","background-image":"","background-repeat":"repeat","background-position":"center center","background-size":"auto","background-attachment":"scroll","background-type":"","background-media":"","overlay-type":"","overlay-color":"","overlay-opacity":"","overlay-gradient":""}},"footnotes":""},"categories":[850],"tags":[],"class_list":["post-5781","post","type-post","status-publish","format-standard","has-post-thumbnail","hentry","category-noticias-da-ennova"],"nelio_popups_active_popup":"","acf":[],"yoast_head":"<!-- This site is optimized with the Yoast SEO plugin v27.5 - https:\/\/yoast.com\/product\/yoast-seo-wordpress\/ -->\n<title>Entrevista com a Ennova na revista FuturEnergy - Interempresas - Ennova Renovables<\/title>\n<meta name=\"robots\" content=\"index, follow, max-snippet:-1, max-image-preview:large, max-video-preview:-1\" \/>\n<link rel=\"canonical\" href=\"https:\/\/ennovarenovables.com\/pt-pt\/entrevista-com-a-ennova-na-revista-futurenergy-interempresas\/\" \/>\n<meta property=\"og:locale\" content=\"pt_PT\" \/>\n<meta property=\"og:type\" content=\"article\" \/>\n<meta property=\"og:title\" content=\"Entrevista com a Ennova na revista FuturEnergy - Interempresas - Ennova Renovables\" \/>\n<meta property=\"og:description\" content=\"A Ennova Renovables foi destacada na FuturEnergy &#8211; Interempresas, uma das principais publica\u00e7\u00f5es do sector energ\u00e9tico. Nesta entrevista, partilhamos a [&hellip;]\" \/>\n<meta property=\"og:url\" content=\"https:\/\/ennovarenovables.com\/pt-pt\/entrevista-com-a-ennova-na-revista-futurenergy-interempresas\/\" \/>\n<meta property=\"og:site_name\" content=\"Ennova Renovables\" \/>\n<meta property=\"article:published_time\" content=\"2025-03-02T11:42:34+00:00\" \/>\n<meta property=\"article:modified_time\" content=\"2025-03-02T11:59:01+00:00\" \/>\n<meta property=\"og:image\" content=\"https:\/\/ennovarenovables.com\/wp-content\/uploads\/2025\/03\/FuturEnergy.png\" \/>\n\t<meta property=\"og:image:width\" content=\"834\" \/>\n\t<meta property=\"og:image:height\" content=\"626\" \/>\n\t<meta property=\"og:image:type\" content=\"image\/png\" \/>\n<meta name=\"author\" content=\"bsp\" \/>\n<meta name=\"twitter:card\" content=\"summary_large_image\" \/>\n<meta name=\"twitter:label1\" content=\"Escrito por\" \/>\n\t<meta name=\"twitter:data1\" content=\"bsp\" \/>\n\t<meta name=\"twitter:label2\" content=\"Tempo estimado de leitura\" \/>\n\t<meta name=\"twitter:data2\" content=\"1 minuto\" \/>\n<script type=\"application\/ld+json\" class=\"yoast-schema-graph\">{\"@context\":\"https:\\\/\\\/schema.org\",\"@graph\":[{\"@type\":\"Article\",\"@id\":\"https:\\\/\\\/ennovarenovables.com\\\/pt-pt\\\/entrevista-com-a-ennova-na-revista-futurenergy-interempresas\\\/#article\",\"isPartOf\":{\"@id\":\"https:\\\/\\\/ennovarenovables.com\\\/pt-pt\\\/entrevista-com-a-ennova-na-revista-futurenergy-interempresas\\\/\"},\"author\":{\"name\":\"bsp\",\"@id\":\"https:\\\/\\\/ennovarenovables.com\\\/pt-pt\\\/#\\\/schema\\\/person\\\/3d9e173b8129dff988c667003556e775\"},\"headline\":\"Entrevista com a Ennova na revista FuturEnergy &#8211; Interempresas\",\"datePublished\":\"2025-03-02T11:42:34+00:00\",\"dateModified\":\"2025-03-02T11:59:01+00:00\",\"mainEntityOfPage\":{\"@id\":\"https:\\\/\\\/ennovarenovables.com\\\/pt-pt\\\/entrevista-com-a-ennova-na-revista-futurenergy-interempresas\\\/\"},\"wordCount\":252,\"publisher\":{\"@id\":\"https:\\\/\\\/ennovarenovables.com\\\/pt-pt\\\/#organization\"},\"image\":{\"@id\":\"https:\\\/\\\/ennovarenovables.com\\\/pt-pt\\\/entrevista-com-a-ennova-na-revista-futurenergy-interempresas\\\/#primaryimage\"},\"thumbnailUrl\":\"https:\\\/\\\/ennovarenovables.com\\\/wp-content\\\/uploads\\\/2025\\\/03\\\/FuturEnergy.png\",\"articleSection\":[\"Not\u00edcias da Ennova\"],\"inLanguage\":\"pt-PT\"},{\"@type\":\"WebPage\",\"@id\":\"https:\\\/\\\/ennovarenovables.com\\\/pt-pt\\\/entrevista-com-a-ennova-na-revista-futurenergy-interempresas\\\/\",\"url\":\"https:\\\/\\\/ennovarenovables.com\\\/pt-pt\\\/entrevista-com-a-ennova-na-revista-futurenergy-interempresas\\\/\",\"name\":\"Entrevista com a Ennova na revista FuturEnergy - Interempresas - Ennova Renovables\",\"isPartOf\":{\"@id\":\"https:\\\/\\\/ennovarenovables.com\\\/pt-pt\\\/#website\"},\"primaryImageOfPage\":{\"@id\":\"https:\\\/\\\/ennovarenovables.com\\\/pt-pt\\\/entrevista-com-a-ennova-na-revista-futurenergy-interempresas\\\/#primaryimage\"},\"image\":{\"@id\":\"https:\\\/\\\/ennovarenovables.com\\\/pt-pt\\\/entrevista-com-a-ennova-na-revista-futurenergy-interempresas\\\/#primaryimage\"},\"thumbnailUrl\":\"https:\\\/\\\/ennovarenovables.com\\\/wp-content\\\/uploads\\\/2025\\\/03\\\/FuturEnergy.png\",\"datePublished\":\"2025-03-02T11:42:34+00:00\",\"dateModified\":\"2025-03-02T11:59:01+00:00\",\"breadcrumb\":{\"@id\":\"https:\\\/\\\/ennovarenovables.com\\\/pt-pt\\\/entrevista-com-a-ennova-na-revista-futurenergy-interempresas\\\/#breadcrumb\"},\"inLanguage\":\"pt-PT\",\"potentialAction\":[{\"@type\":\"ReadAction\",\"target\":[\"https:\\\/\\\/ennovarenovables.com\\\/pt-pt\\\/entrevista-com-a-ennova-na-revista-futurenergy-interempresas\\\/\"]}]},{\"@type\":\"ImageObject\",\"inLanguage\":\"pt-PT\",\"@id\":\"https:\\\/\\\/ennovarenovables.com\\\/pt-pt\\\/entrevista-com-a-ennova-na-revista-futurenergy-interempresas\\\/#primaryimage\",\"url\":\"https:\\\/\\\/ennovarenovables.com\\\/wp-content\\\/uploads\\\/2025\\\/03\\\/FuturEnergy.png\",\"contentUrl\":\"https:\\\/\\\/ennovarenovables.com\\\/wp-content\\\/uploads\\\/2025\\\/03\\\/FuturEnergy.png\",\"width\":834,\"height\":626},{\"@type\":\"BreadcrumbList\",\"@id\":\"https:\\\/\\\/ennovarenovables.com\\\/pt-pt\\\/entrevista-com-a-ennova-na-revista-futurenergy-interempresas\\\/#breadcrumb\",\"itemListElement\":[{\"@type\":\"ListItem\",\"position\":1,\"name\":\"Portada\",\"item\":\"https:\\\/\\\/ennovarenovables.com\\\/pt-pt\\\/\"},{\"@type\":\"ListItem\",\"position\":2,\"name\":\"Entrevista com a Ennova na revista FuturEnergy &#8211; Interempresas\"}]},{\"@type\":\"WebSite\",\"@id\":\"https:\\\/\\\/ennovarenovables.com\\\/pt-pt\\\/#website\",\"url\":\"https:\\\/\\\/ennovarenovables.com\\\/pt-pt\\\/\",\"name\":\"Ennova Renovables\",\"description\":\"Fabricantes de estructuras met\u00e1licas y soportes de hormig\u00f3n para estructuras fotovoltaicas\",\"publisher\":{\"@id\":\"https:\\\/\\\/ennovarenovables.com\\\/pt-pt\\\/#organization\"},\"potentialAction\":[{\"@type\":\"SearchAction\",\"target\":{\"@type\":\"EntryPoint\",\"urlTemplate\":\"https:\\\/\\\/ennovarenovables.com\\\/pt-pt\\\/?s={search_term_string}\"},\"query-input\":{\"@type\":\"PropertyValueSpecification\",\"valueRequired\":true,\"valueName\":\"search_term_string\"}}],\"inLanguage\":\"pt-PT\"},{\"@type\":\"Organization\",\"@id\":\"https:\\\/\\\/ennovarenovables.com\\\/pt-pt\\\/#organization\",\"name\":\"Ennova Renovables\",\"url\":\"https:\\\/\\\/ennovarenovables.com\\\/pt-pt\\\/\",\"logo\":{\"@type\":\"ImageObject\",\"inLanguage\":\"pt-PT\",\"@id\":\"https:\\\/\\\/ennovarenovables.com\\\/pt-pt\\\/#\\\/schema\\\/logo\\\/image\\\/\",\"url\":\"https:\\\/\\\/ennovarenovables.com\\\/wp-content\\\/uploads\\\/2024\\\/11\\\/logo-ennova-renovables.svg\",\"contentUrl\":\"https:\\\/\\\/ennovarenovables.com\\\/wp-content\\\/uploads\\\/2024\\\/11\\\/logo-ennova-renovables.svg\",\"width\":202,\"height\":29,\"caption\":\"Ennova Renovables\"},\"image\":{\"@id\":\"https:\\\/\\\/ennovarenovables.com\\\/pt-pt\\\/#\\\/schema\\\/logo\\\/image\\\/\"}},{\"@type\":\"Person\",\"@id\":\"https:\\\/\\\/ennovarenovables.com\\\/pt-pt\\\/#\\\/schema\\\/person\\\/3d9e173b8129dff988c667003556e775\",\"name\":\"bsp\",\"image\":{\"@type\":\"ImageObject\",\"inLanguage\":\"pt-PT\",\"@id\":\"https:\\\/\\\/secure.gravatar.com\\\/avatar\\\/c32e161a6a1d38105c4f610413aed9e04cfbc3031c804755cacec56863f1852e?s=96&d=mm&r=g\",\"url\":\"https:\\\/\\\/secure.gravatar.com\\\/avatar\\\/c32e161a6a1d38105c4f610413aed9e04cfbc3031c804755cacec56863f1852e?s=96&d=mm&r=g\",\"contentUrl\":\"https:\\\/\\\/secure.gravatar.com\\\/avatar\\\/c32e161a6a1d38105c4f610413aed9e04cfbc3031c804755cacec56863f1852e?s=96&d=mm&r=g\",\"caption\":\"bsp\"}}]}<\/script>\n<!-- \/ Yoast SEO plugin. -->","yoast_head_json":{"title":"Entrevista com a Ennova na revista FuturEnergy - Interempresas - Ennova Renovables","robots":{"index":"index","follow":"follow","max-snippet":"max-snippet:-1","max-image-preview":"max-image-preview:large","max-video-preview":"max-video-preview:-1"},"canonical":"https:\/\/ennovarenovables.com\/pt-pt\/entrevista-com-a-ennova-na-revista-futurenergy-interempresas\/","og_locale":"pt_PT","og_type":"article","og_title":"Entrevista com a Ennova na revista FuturEnergy - Interempresas - Ennova Renovables","og_description":"A Ennova Renovables foi destacada na FuturEnergy &#8211; Interempresas, uma das principais publica\u00e7\u00f5es do sector energ\u00e9tico. Nesta entrevista, partilhamos a [&hellip;]","og_url":"https:\/\/ennovarenovables.com\/pt-pt\/entrevista-com-a-ennova-na-revista-futurenergy-interempresas\/","og_site_name":"Ennova Renovables","article_published_time":"2025-03-02T11:42:34+00:00","article_modified_time":"2025-03-02T11:59:01+00:00","og_image":[{"width":834,"height":626,"url":"https:\/\/ennovarenovables.com\/wp-content\/uploads\/2025\/03\/FuturEnergy.png","type":"image\/png"}],"author":"bsp","twitter_card":"summary_large_image","twitter_misc":{"Escrito por":"bsp","Tempo estimado de leitura":"1 minuto"},"schema":{"@context":"https:\/\/schema.org","@graph":[{"@type":"Article","@id":"https:\/\/ennovarenovables.com\/pt-pt\/entrevista-com-a-ennova-na-revista-futurenergy-interempresas\/#article","isPartOf":{"@id":"https:\/\/ennovarenovables.com\/pt-pt\/entrevista-com-a-ennova-na-revista-futurenergy-interempresas\/"},"author":{"name":"bsp","@id":"https:\/\/ennovarenovables.com\/pt-pt\/#\/schema\/person\/3d9e173b8129dff988c667003556e775"},"headline":"Entrevista com a Ennova na revista FuturEnergy &#8211; Interempresas","datePublished":"2025-03-02T11:42:34+00:00","dateModified":"2025-03-02T11:59:01+00:00","mainEntityOfPage":{"@id":"https:\/\/ennovarenovables.com\/pt-pt\/entrevista-com-a-ennova-na-revista-futurenergy-interempresas\/"},"wordCount":252,"publisher":{"@id":"https:\/\/ennovarenovables.com\/pt-pt\/#organization"},"image":{"@id":"https:\/\/ennovarenovables.com\/pt-pt\/entrevista-com-a-ennova-na-revista-futurenergy-interempresas\/#primaryimage"},"thumbnailUrl":"https:\/\/ennovarenovables.com\/wp-content\/uploads\/2025\/03\/FuturEnergy.png","articleSection":["Not\u00edcias da Ennova"],"inLanguage":"pt-PT"},{"@type":"WebPage","@id":"https:\/\/ennovarenovables.com\/pt-pt\/entrevista-com-a-ennova-na-revista-futurenergy-interempresas\/","url":"https:\/\/ennovarenovables.com\/pt-pt\/entrevista-com-a-ennova-na-revista-futurenergy-interempresas\/","name":"Entrevista com a Ennova na revista FuturEnergy - Interempresas - Ennova Renovables","isPartOf":{"@id":"https:\/\/ennovarenovables.com\/pt-pt\/#website"},"primaryImageOfPage":{"@id":"https:\/\/ennovarenovables.com\/pt-pt\/entrevista-com-a-ennova-na-revista-futurenergy-interempresas\/#primaryimage"},"image":{"@id":"https:\/\/ennovarenovables.com\/pt-pt\/entrevista-com-a-ennova-na-revista-futurenergy-interempresas\/#primaryimage"},"thumbnailUrl":"https:\/\/ennovarenovables.com\/wp-content\/uploads\/2025\/03\/FuturEnergy.png","datePublished":"2025-03-02T11:42:34+00:00","dateModified":"2025-03-02T11:59:01+00:00","breadcrumb":{"@id":"https:\/\/ennovarenovables.com\/pt-pt\/entrevista-com-a-ennova-na-revista-futurenergy-interempresas\/#breadcrumb"},"inLanguage":"pt-PT","potentialAction":[{"@type":"ReadAction","target":["https:\/\/ennovarenovables.com\/pt-pt\/entrevista-com-a-ennova-na-revista-futurenergy-interempresas\/"]}]},{"@type":"ImageObject","inLanguage":"pt-PT","@id":"https:\/\/ennovarenovables.com\/pt-pt\/entrevista-com-a-ennova-na-revista-futurenergy-interempresas\/#primaryimage","url":"https:\/\/ennovarenovables.com\/wp-content\/uploads\/2025\/03\/FuturEnergy.png","contentUrl":"https:\/\/ennovarenovables.com\/wp-content\/uploads\/2025\/03\/FuturEnergy.png","width":834,"height":626},{"@type":"BreadcrumbList","@id":"https:\/\/ennovarenovables.com\/pt-pt\/entrevista-com-a-ennova-na-revista-futurenergy-interempresas\/#breadcrumb","itemListElement":[{"@type":"ListItem","position":1,"name":"Portada","item":"https:\/\/ennovarenovables.com\/pt-pt\/"},{"@type":"ListItem","position":2,"name":"Entrevista com a Ennova na revista FuturEnergy &#8211; Interempresas"}]},{"@type":"WebSite","@id":"https:\/\/ennovarenovables.com\/pt-pt\/#website","url":"https:\/\/ennovarenovables.com\/pt-pt\/","name":"Ennova Renovables","description":"Fabricantes de estructuras met\u00e1licas y soportes de hormig\u00f3n para estructuras fotovoltaicas","publisher":{"@id":"https:\/\/ennovarenovables.com\/pt-pt\/#organization"},"potentialAction":[{"@type":"SearchAction","target":{"@type":"EntryPoint","urlTemplate":"https:\/\/ennovarenovables.com\/pt-pt\/?s={search_term_string}"},"query-input":{"@type":"PropertyValueSpecification","valueRequired":true,"valueName":"search_term_string"}}],"inLanguage":"pt-PT"},{"@type":"Organization","@id":"https:\/\/ennovarenovables.com\/pt-pt\/#organization","name":"Ennova Renovables","url":"https:\/\/ennovarenovables.com\/pt-pt\/","logo":{"@type":"ImageObject","inLanguage":"pt-PT","@id":"https:\/\/ennovarenovables.com\/pt-pt\/#\/schema\/logo\/image\/","url":"https:\/\/ennovarenovables.com\/wp-content\/uploads\/2024\/11\/logo-ennova-renovables.svg","contentUrl":"https:\/\/ennovarenovables.com\/wp-content\/uploads\/2024\/11\/logo-ennova-renovables.svg","width":202,"height":29,"caption":"Ennova Renovables"},"image":{"@id":"https:\/\/ennovarenovables.com\/pt-pt\/#\/schema\/logo\/image\/"}},{"@type":"Person","@id":"https:\/\/ennovarenovables.com\/pt-pt\/#\/schema\/person\/3d9e173b8129dff988c667003556e775","name":"bsp","image":{"@type":"ImageObject","inLanguage":"pt-PT","@id":"https:\/\/secure.gravatar.com\/avatar\/c32e161a6a1d38105c4f610413aed9e04cfbc3031c804755cacec56863f1852e?s=96&d=mm&r=g","url":"https:\/\/secure.gravatar.com\/avatar\/c32e161a6a1d38105c4f610413aed9e04cfbc3031c804755cacec56863f1852e?s=96&d=mm&r=g","contentUrl":"https:\/\/secure.gravatar.com\/avatar\/c32e161a6a1d38105c4f610413aed9e04cfbc3031c804755cacec56863f1852e?s=96&d=mm&r=g","caption":"bsp"}}]}},"uagb_featured_image_src":{"full":["https:\/\/ennovarenovables.com\/wp-content\/uploads\/2025\/03\/FuturEnergy.png",834,626,false],"thumbnail":["https:\/\/ennovarenovables.com\/wp-content\/uploads\/2025\/03\/FuturEnergy-150x150.png",150,150,true],"medium":["https:\/\/ennovarenovables.com\/wp-content\/uploads\/2025\/03\/FuturEnergy-800x600.png",800,600,true],"medium_large":["https:\/\/ennovarenovables.com\/wp-content\/uploads\/2025\/03\/FuturEnergy-768x576.png",768,576,true],"large":["https:\/\/ennovarenovables.com\/wp-content\/uploads\/2025\/03\/FuturEnergy.png",834,626,false],"1536x1536":["https:\/\/ennovarenovables.com\/wp-content\/uploads\/2025\/03\/FuturEnergy.png",834,626,false],"2048x2048":["https:\/\/ennovarenovables.com\/wp-content\/uploads\/2025\/03\/FuturEnergy.png",834,626,false]},"uagb_author_info":{"display_name":"bsp","author_link":"https:\/\/ennovarenovables.com\/pt-pt\/author\/bsp\/"},"uagb_comment_info":0,"uagb_excerpt":"A Ennova Renovables foi destacada na FuturEnergy &#8211; Interempresas, uma das principais publica\u00e7\u00f5es do sector energ\u00e9tico. Nesta entrevista, partilhamos a [&hellip;]","_links":{"self":[{"href":"https:\/\/ennovarenovables.com\/pt-pt\/wp-json\/wp\/v2\/posts\/5781","targetHints":{"allow":["GET"]}}],"collection":[{"href":"https:\/\/ennovarenovables.com\/pt-pt\/wp-json\/wp\/v2\/posts"}],"about":[{"href":"https:\/\/ennovarenovables.com\/pt-pt\/wp-json\/wp\/v2\/types\/post"}],"author":[{"embeddable":true,"href":"https:\/\/ennovarenovables.com\/pt-pt\/wp-json\/wp\/v2\/users\/2"}],"replies":[{"embeddable":true,"href":"https:\/\/ennovarenovables.com\/pt-pt\/wp-json\/wp\/v2\/comments?post=5781"}],"version-history":[{"count":1,"href":"https:\/\/ennovarenovables.com\/pt-pt\/wp-json\/wp\/v2\/posts\/5781\/revisions"}],"predecessor-version":[{"id":5782,"href":"https:\/\/ennovarenovables.com\/pt-pt\/wp-json\/wp\/v2\/posts\/5781\/revisions\/5782"}],"wp:featuredmedia":[{"embeddable":true,"href":"https:\/\/ennovarenovables.com\/pt-pt\/wp-json\/wp\/v2\/media\/5762"}],"wp:attachment":[{"href":"https:\/\/ennovarenovables.com\/pt-pt\/wp-json\/wp\/v2\/media?parent=5781"}],"wp:term":[{"taxonomy":"category","embeddable":true,"href":"https:\/\/ennovarenovables.com\/pt-pt\/wp-json\/wp\/v2\/categories?post=5781"},{"taxonomy":"post_tag","embeddable":true,"href":"https:\/\/ennovarenovables.com\/pt-pt\/wp-json\/wp\/v2\/tags?post=5781"}],"curies":[{"name":"wp","href":"https:\/\/api.w.org\/{rel}","templated":true}]}}